{"id":2429,"date":"2025-08-29T13:27:40","date_gmt":"2025-08-29T13:27:40","guid":{"rendered":"https:\/\/agbatalha.pt\/portal\/?p=2429"},"modified":"2026-01-14T18:24:39","modified_gmt":"2026-01-14T18:24:39","slug":"contratacao-tecnico-especializado-horario-04","status":"publish","type":"post","link":"https:\/\/agbatalha.pt\/portal\/2025\/08\/29\/contratacao-tecnico-especializado-horario-04\/","title":{"rendered":"CONTRATA\u00c7\u00c3O T\u00c9CNICO ESPECIALIZADO HOR\u00c1RIO 04"},"content":{"rendered":"\t\t<div data-elementor-type=\"wp-post\" data-elementor-id=\"2429\" class=\"elementor elementor-2429\">\n\t\t\t\t<div class=\"elementor-element elementor-element-4e88180 e-con-full e-flex wpr-particle-no wpr-jarallax-no wpr-parallax-no wpr-sticky-section-no e-con e-parent\" data-id=\"4e88180\" data-element_type=\"container\" data-e-type=\"container\">\n\t\t\t\t<div class=\"elementor-element elementor-element-dc07b32 elementor-widget elementor-widget-text-editor\" data-id=\"dc07b32\" data-element_type=\"widget\" data-e-type=\"widget\" data-widget_type=\"text-editor.default\">\n\t\t\t\t<div class=\"elementor-widget-container\">\n\t\t\t\t\t\t\t\t\t<p><strong>AVISO N\u00ba 01 &#8211; 2025\/2026<\/strong><\/p><p><strong>CONTRATA\u00c7\u00c3O DE ESCOLA <\/strong><\/p><p><strong>N\u00famero de Hor\u00e1rio &#8211; 04<\/strong><\/p><p><strong>\u00a0<\/strong><strong>T\u00e9cnico Especializado <\/strong><\/p><p><strong>(T\u00e9cnico de Orienta\u00e7\u00e3o Reconhecimento Valida\u00e7\u00e3o e Certifica\u00e7\u00e3o de Compet\u00eancias no Centro Qualifica)<\/strong><\/p>\t\t\t\t\t\t\t\t<\/div>\n\t\t\t\t<\/div>\n\t\t\t\t<\/div>\n\t\t<div class=\"elementor-element elementor-element-f45ec40 e-flex e-con-boxed wpr-particle-no wpr-jarallax-no wpr-parallax-no wpr-sticky-section-no e-con e-parent\" data-id=\"f45ec40\" data-element_type=\"container\" data-e-type=\"container\">\n\t\t\t\t\t<div class=\"e-con-inner\">\n\t\t\t\t<div class=\"elementor-element elementor-element-2f3ef28 elementor-widget elementor-widget-text-editor\" data-id=\"2f3ef28\" data-element_type=\"widget\" data-e-type=\"widget\" data-widget_type=\"text-editor.default\">\n\t\t\t\t<div class=\"elementor-widget-container\">\n\t\t\t\t\t\t\t\t\t<p>Informa-se os interessados de que est\u00e1 aberto o concurso de Contrata\u00e7\u00e3o de Escola, na p\u00e1gina da DGAE <a href=\"http:\/\/www.dgae.min-edu.pt\">http:\/\/www.dgae.min-edu.pt<\/a>, para suprir necessidades tempor\u00e1rias de servi\u00e7o de um t\u00e9cnico especializado, no Agrupamento de Escolas da Batalha, de acordo com o Decreto-Lei n.\u00ba 32-A\/2023, de 8 de maio, na sua reda\u00e7\u00e3o atual.<\/p><p>De acordo com o disposto no artigo 40.\u00ba do Decreto-Lei n.\u00ba 32-A\/2023, vem o Agrupamento de Escolas da Batalha publicitar a oferta de contrata\u00e7\u00e3o de escola com as caracter\u00edsticas constantes do documento em anexo.<\/p>\t\t\t\t\t\t\t\t<\/div>\n\t\t\t\t<\/div>\n\t\t\t\t\t<\/div>\n\t\t\t\t<\/div>\n\t\t<div class=\"elementor-element elementor-element-0388bb2 e-flex e-con-boxed wpr-particle-no wpr-jarallax-no wpr-parallax-no wpr-sticky-section-no e-con e-parent\" data-id=\"0388bb2\" data-element_type=\"container\" data-e-type=\"container\">\n\t\t\t\t\t<div class=\"e-con-inner\">\n\t\t\t\t<div class=\"elementor-element elementor-element-219c8bd elementor-widget elementor-widget-shortcode\" data-id=\"219c8bd\" data-element_type=\"widget\" data-e-type=\"widget\" data-widget_type=\"shortcode.default\">\n\t\t\t\t<div class=\"elementor-widget-container\">\n\t\t\t\t\t\t\t<div class=\"elementor-shortcode\"><a href=\"https:\/\/agbatalha.pt\/portal\/wp-content\/uploads\/2025\/08\/Aviso_no-01-Horario_No-04_Tecnico-Centro-Qualifica_25-26.pdf\" class=\"pdfemb-viewer\" style=\"\" data-width=\"max\" data-height=\"max\" data-toolbar=\"bottom\" data-toolbar-fixed=\"off\">Aviso_no-01-Horario_No-04_Tecnico-Centro-Qualifica_25-26<\/a><\/div>\n\t\t\t\t\t\t<\/div>\n\t\t\t\t<\/div>\n\t\t\t\t\t<\/div>\n\t\t\t\t<\/div>\n\t\t\t\t<\/div>\n\t\t","protected":false},"excerpt":{"rendered":"<p>AVISO N\u00ba 01 &#8211; 2025\/2026 CONTRATA\u00c7\u00c3O DE ESCOLA N\u00famero de Hor\u00e1rio &#8211; 04 \u00a0T\u00e9cnico Especializado (T\u00e9cnico de Orienta\u00e7\u00e3o Reconhecimento Valida\u00e7\u00e3o e Certifica\u00e7\u00e3o de Compet\u00eancias no Centro Qualifica) Informa-se os interessados de que est\u00e1 aberto o concurso de Contrata\u00e7\u00e3o de Escola, na p\u00e1gina da DGAE http:\/\/www.dgae.min-edu.pt, para suprir necessidades tempor\u00e1rias de servi\u00e7o de um t\u00e9cnico especializado, no Agrupamento de Escolas da Batalha, de acordo com o Decreto-Lei n.\u00ba 32-A\/2023, de 8 de maio, na sua reda\u00e7\u00e3o atual. De acordo com o disposto no artigo 40.\u00ba do Decreto-Lei n.\u00ba 32-A\/2023, vem o Agrupamento de Escolas da Batalha publicitar a oferta de contrata\u00e7\u00e3o de escola com as caracter\u00edsticas constantes do documento em anexo.<\/p>\n","protected":false},"author":2,"featured_media":2110,"comment_status":"open","ping_status":"open","sticky":false,"template":"","format":"standard","meta":{"footnotes":""},"categories":[23],"tags":[],"class_list":["post-2429","post","type-post","status-publish","format-standard","has-post-thumbnail","hentry","category-contratacao"],"_links":{"self":[{"href":"https:\/\/agbatalha.pt\/portal\/wp-json\/wp\/v2\/posts\/2429","targetHints":{"allow":["GET"]}}],"collection":[{"href":"https:\/\/agbatalha.pt\/portal\/wp-json\/wp\/v2\/posts"}],"about":[{"href":"https:\/\/agbatalha.pt\/portal\/wp-json\/wp\/v2\/types\/post"}],"author":[{"embeddable":true,"href":"https:\/\/agbatalha.pt\/portal\/wp-json\/wp\/v2\/users\/2"}],"replies":[{"embeddable":true,"href":"https:\/\/agbatalha.pt\/portal\/wp-json\/wp\/v2\/comments?post=2429"}],"version-history":[{"count":9,"href":"https:\/\/agbatalha.pt\/portal\/wp-json\/wp\/v2\/posts\/2429\/revisions"}],"predecessor-version":[{"id":3130,"href":"https:\/\/agbatalha.pt\/portal\/wp-json\/wp\/v2\/posts\/2429\/revisions\/3130"}],"wp:featuredmedia":[{"embeddable":true,"href":"https:\/\/agbatalha.pt\/portal\/wp-json\/wp\/v2\/media\/2110"}],"wp:attachment":[{"href":"https:\/\/agbatalha.pt\/portal\/wp-json\/wp\/v2\/media?parent=2429"}],"wp:term":[{"taxonomy":"category","embeddable":true,"href":"https:\/\/agbatalha.pt\/portal\/wp-json\/wp\/v2\/categories?post=2429"},{"taxonomy":"post_tag","embeddable":true,"href":"https:\/\/agbatalha.pt\/portal\/wp-json\/wp\/v2\/tags?post=2429"}],"curies":[{"name":"wp","href":"https:\/\/api.w.org\/{rel}","templated":true}]}}