{"id":2451,"date":"2025-08-20T13:48:43","date_gmt":"2025-08-20T13:48:43","guid":{"rendered":"https:\/\/agbatalha.pt\/portal\/?p=2451"},"modified":"2025-08-31T13:51:44","modified_gmt":"2025-08-31T13:51:44","slug":"exames-set-2025","status":"publish","type":"post","link":"https:\/\/agbatalha.pt\/portal\/2025\/08\/20\/exames-set-2025\/","title":{"rendered":"Exames Ensino Profissional de Setembro"},"content":{"rendered":"\t\t<div data-elementor-type=\"wp-post\" data-elementor-id=\"2451\" class=\"elementor elementor-2451\">\n\t\t\t\t<div class=\"elementor-element elementor-element-f45ec40 e-flex e-con-boxed wpr-particle-no wpr-jarallax-no wpr-parallax-no wpr-sticky-section-no e-con e-parent\" data-id=\"f45ec40\" data-element_type=\"container\" data-e-type=\"container\">\n\t\t\t\t\t<div class=\"e-con-inner\">\n\t\t\t\t<div class=\"elementor-element elementor-element-18bf1ba elementor-widget elementor-widget-text-editor\" data-id=\"18bf1ba\" data-element_type=\"widget\" data-e-type=\"widget\" data-widget_type=\"text-editor.default\">\n\t\t\t\t<div class=\"elementor-widget-container\">\n\t\t\t\t\t\t\t\t\t<p><strong>Ensino Profissional \u2013 \u00c9poca Especial de Avalia\u00e7\u00e3o Setembro<\/strong><\/p><p><br \/><strong>Recupera\u00e7\u00e3o extraordin\u00e1ria de m\u00f3dulos em atraso<\/strong><\/p><p><br \/>Informam-se os alunos devidamente inscritos que se encontra dispon\u00edvel o Calend\u00e1rio de Exames de \u00c9poca Especial de Avalia\u00e7\u00e3o de Setembro.<\/p>\t\t\t\t\t\t\t\t<\/div>\n\t\t\t\t<\/div>\n\t\t\t\t<div class=\"elementor-element elementor-element-e44988a elementor-widget elementor-widget-image\" data-id=\"e44988a\" data-element_type=\"widget\" data-e-type=\"widget\" data-widget_type=\"image.default\">\n\t\t\t\t<div class=\"elementor-widget-container\">\n\t\t\t\t\t\t\t\t\t\t\t\t\t\t\t<img fetchpriority=\"high\" decoding=\"async\" width=\"830\" height=\"585\" src=\"https:\/\/agbatalha.pt\/portal\/wp-content\/uploads\/2025\/08\/exames_ep_set_2025.png\" class=\"attachment-large size-large wp-image-2453\" alt=\"\" srcset=\"https:\/\/agbatalha.pt\/portal\/wp-content\/uploads\/2025\/08\/exames_ep_set_2025.png 830w, https:\/\/agbatalha.pt\/portal\/wp-content\/uploads\/2025\/08\/exames_ep_set_2025-300x211.png 300w, https:\/\/agbatalha.pt\/portal\/wp-content\/uploads\/2025\/08\/exames_ep_set_2025-768x541.png 768w\" sizes=\"(max-width: 830px) 100vw, 830px\" \/>\t\t\t\t\t\t\t\t\t\t\t\t\t\t\t<\/div>\n\t\t\t\t<\/div>\n\t\t\t\t\t<\/div>\n\t\t\t\t<\/div>\n\t\t\t\t<\/div>\n\t\t","protected":false},"excerpt":{"rendered":"<p>Ensino Profissional \u2013 \u00c9poca Especial de Avalia\u00e7\u00e3o Setembro Recupera\u00e7\u00e3o extraordin\u00e1ria de m\u00f3dulos em atraso Informam-se os alunos devidamente inscritos que se encontra dispon\u00edvel o Calend\u00e1rio de Exames de \u00c9poca Especial de Avalia\u00e7\u00e3o de Setembro.<\/p>\n","protected":false},"author":2,"featured_media":2109,"comment_status":"open","ping_status":"open","sticky":false,"template":"","format":"standard","meta":{"footnotes":""},"categories":[24],"tags":[],"class_list":["post-2451","post","type-post","status-publish","format-standard","has-post-thumbnail","hentry","category-exames"],"_links":{"self":[{"href":"https:\/\/agbatalha.pt\/portal\/wp-json\/wp\/v2\/posts\/2451","targetHints":{"allow":["GET"]}}],"collection":[{"href":"https:\/\/agbatalha.pt\/portal\/wp-json\/wp\/v2\/posts"}],"about":[{"href":"https:\/\/agbatalha.pt\/portal\/wp-json\/wp\/v2\/types\/post"}],"author":[{"embeddable":true,"href":"https:\/\/agbatalha.pt\/portal\/wp-json\/wp\/v2\/users\/2"}],"replies":[{"embeddable":true,"href":"https:\/\/agbatalha.pt\/portal\/wp-json\/wp\/v2\/comments?post=2451"}],"version-history":[{"count":4,"href":"https:\/\/agbatalha.pt\/portal\/wp-json\/wp\/v2\/posts\/2451\/revisions"}],"predecessor-version":[{"id":2456,"href":"https:\/\/agbatalha.pt\/portal\/wp-json\/wp\/v2\/posts\/2451\/revisions\/2456"}],"wp:featuredmedia":[{"embeddable":true,"href":"https:\/\/agbatalha.pt\/portal\/wp-json\/wp\/v2\/media\/2109"}],"wp:attachment":[{"href":"https:\/\/agbatalha.pt\/portal\/wp-json\/wp\/v2\/media?parent=2451"}],"wp:term":[{"taxonomy":"category","embeddable":true,"href":"https:\/\/agbatalha.pt\/portal\/wp-json\/wp\/v2\/categories?post=2451"},{"taxonomy":"post_tag","embeddable":true,"href":"https:\/\/agbatalha.pt\/portal\/wp-json\/wp\/v2\/tags?post=2451"}],"curies":[{"name":"wp","href":"https:\/\/api.w.org\/{rel}","templated":true}]}}