{"id":2560,"date":"2025-10-06T21:12:07","date_gmt":"2025-10-06T21:12:07","guid":{"rendered":"https:\/\/agbatalha.pt\/portal\/?p=2560"},"modified":"2025-11-10T21:23:09","modified_gmt":"2025-11-10T21:23:09","slug":"erasmus-2025-1","status":"publish","type":"post","link":"https:\/\/agbatalha.pt\/portal\/2025\/10\/06\/erasmus-2025-1\/","title":{"rendered":"EST\u00c1GIOS INTERNACIONAIS (ENSINO PROFISSIONAL) &#8211; PRAZOS E CRIT\u00c9RIOS"},"content":{"rendered":"\t\t<div data-elementor-type=\"wp-post\" data-elementor-id=\"2560\" class=\"elementor elementor-2560\">\n\t\t\t\t<div class=\"elementor-element elementor-element-f45ec40 e-flex e-con-boxed wpr-particle-no wpr-jarallax-no wpr-parallax-no wpr-sticky-section-no e-con e-parent\" data-id=\"f45ec40\" data-element_type=\"container\" data-e-type=\"container\">\n\t\t\t\t\t<div class=\"e-con-inner\">\n\t\t\t\t<div class=\"elementor-element elementor-element-d84fce2 elementor-widget elementor-widget-image\" data-id=\"d84fce2\" data-element_type=\"widget\" data-e-type=\"widget\" data-widget_type=\"image.default\">\n\t\t\t\t<div class=\"elementor-widget-container\">\n\t\t\t\t\t\t\t\t\t\t\t\t\t\t\t<img fetchpriority=\"high\" decoding=\"async\" width=\"960\" height=\"536\" src=\"https:\/\/agbatalha.pt\/portal\/wp-content\/uploads\/2025\/11\/erasmus_2025-1024x572.png\" class=\"attachment-large size-large wp-image-2562\" alt=\"\" srcset=\"https:\/\/agbatalha.pt\/portal\/wp-content\/uploads\/2025\/11\/erasmus_2025-1024x572.png 1024w, https:\/\/agbatalha.pt\/portal\/wp-content\/uploads\/2025\/11\/erasmus_2025-300x168.png 300w, https:\/\/agbatalha.pt\/portal\/wp-content\/uploads\/2025\/11\/erasmus_2025-768x429.png 768w, https:\/\/agbatalha.pt\/portal\/wp-content\/uploads\/2025\/11\/erasmus_2025.png 1203w\" sizes=\"(max-width: 960px) 100vw, 960px\" \/>\t\t\t\t\t\t\t\t\t\t\t\t\t\t\t<\/div>\n\t\t\t\t<\/div>\n\t\t\t\t<div class=\"elementor-element elementor-element-2f3ef28 elementor-widget elementor-widget-text-editor\" data-id=\"2f3ef28\" data-element_type=\"widget\" data-e-type=\"widget\" data-widget_type=\"text-editor.default\">\n\t\t\t\t<div class=\"elementor-widget-container\">\n\t\t\t\t\t\t\t\t\t<div class=\"articlebody\"><p>Avisa-se todos os alunos do Ensino Profissional do 11.\u00ba e do 12.\u00ba ano de que est\u00e1 aberto o processo de inscri\u00e7\u00e3o\/candidatura de alunos que tenham interesse em participar num programa de mobilidade que permita efetuar est\u00e1gio profissional no estrangeiro.<\/p><p style=\"text-align: left;\">Devem consultar a documenta\u00e7\u00e3o em anexo com aten\u00e7\u00e3o e respeitar todos os prazos e orienta\u00e7\u00f5es constantes nas mesmas.<\/p><p style=\"text-align: left;\">\u00a0Documentos (clicar para descarregar):<\/p><p style=\"text-align: left;\"><strong><a href=\"https:\/\/agbatalha.pt\/portal\/wp-content\/uploads\/2025\/11\/Aviso_Abertura_Candidaturas.pdf\">1-Aviso Prazos de Inscri\u00e7\u00e3o<\/a><\/strong><\/p><p style=\"text-align: left;\"><strong><a href=\"https:\/\/agbatalha.pt\/portal\/wp-content\/uploads\/2025\/11\/Regulamento_Erasmus_Escolar.pdf\">2- Regulamento Erasmus+ KA121 Profissional<\/a><\/strong><\/p><p style=\"text-align: left;\"><strong><a href=\"https:\/\/agbatalha.pt\/portal\/wp-content\/uploads\/2025\/11\/Regulamento_Seleo_Erasmus_KA121-Profissional.pdf\">3- Aviso Crit\u00e9rios de Sele\u00e7\u00e3o<\/a><\/strong><\/p><\/div>\t\t\t\t\t\t\t\t<\/div>\n\t\t\t\t<\/div>\n\t\t\t\t\t<\/div>\n\t\t\t\t<\/div>\n\t\t\t\t<\/div>\n\t\t","protected":false},"excerpt":{"rendered":"<p>Avisa-se todos os alunos do Ensino Profissional do 11.\u00ba e do 12.\u00ba ano de que est\u00e1 aberto o processo de inscri\u00e7\u00e3o\/candidatura de alunos que tenham interesse em participar num programa de mobilidade que permita efetuar est\u00e1gio profissional no estrangeiro. Devem consultar a documenta\u00e7\u00e3o em anexo com aten\u00e7\u00e3o e respeitar todos os prazos e orienta\u00e7\u00f5es constantes nas mesmas. \u00a0Documentos (clicar para descarregar): 1-Aviso Prazos de Inscri\u00e7\u00e3o 2- Regulamento Erasmus+ KA121 Profissional 3- Aviso Crit\u00e9rios de Sele\u00e7\u00e3o<\/p>\n","protected":false},"author":2,"featured_media":2109,"comment_status":"open","ping_status":"open","sticky":false,"template":"","format":"standard","meta":{"footnotes":""},"categories":[22],"tags":[],"class_list":["post-2560","post","type-post","status-publish","format-standard","has-post-thumbnail","hentry","category-avisos"],"_links":{"self":[{"href":"https:\/\/agbatalha.pt\/portal\/wp-json\/wp\/v2\/posts\/2560","targetHints":{"allow":["GET"]}}],"collection":[{"href":"https:\/\/agbatalha.pt\/portal\/wp-json\/wp\/v2\/posts"}],"about":[{"href":"https:\/\/agbatalha.pt\/portal\/wp-json\/wp\/v2\/types\/post"}],"author":[{"embeddable":true,"href":"https:\/\/agbatalha.pt\/portal\/wp-json\/wp\/v2\/users\/2"}],"replies":[{"embeddable":true,"href":"https:\/\/agbatalha.pt\/portal\/wp-json\/wp\/v2\/comments?post=2560"}],"version-history":[{"count":4,"href":"https:\/\/agbatalha.pt\/portal\/wp-json\/wp\/v2\/posts\/2560\/revisions"}],"predecessor-version":[{"id":2568,"href":"https:\/\/agbatalha.pt\/portal\/wp-json\/wp\/v2\/posts\/2560\/revisions\/2568"}],"wp:featuredmedia":[{"embeddable":true,"href":"https:\/\/agbatalha.pt\/portal\/wp-json\/wp\/v2\/media\/2109"}],"wp:attachment":[{"href":"https:\/\/agbatalha.pt\/portal\/wp-json\/wp\/v2\/media?parent=2560"}],"wp:term":[{"taxonomy":"category","embeddable":true,"href":"https:\/\/agbatalha.pt\/portal\/wp-json\/wp\/v2\/categories?post=2560"},{"taxonomy":"post_tag","embeddable":true,"href":"https:\/\/agbatalha.pt\/portal\/wp-json\/wp\/v2\/tags?post=2560"}],"curies":[{"name":"wp","href":"https:\/\/api.w.org\/{rel}","templated":true}]}}