{"id":3344,"date":"2026-02-26T20:00:25","date_gmt":"2026-02-26T20:00:25","guid":{"rendered":"https:\/\/agbatalha.pt\/portal\/?p=3344"},"modified":"2026-02-26T20:02:21","modified_gmt":"2026-02-26T20:02:21","slug":"te-h38-26fev","status":"publish","type":"post","link":"https:\/\/agbatalha.pt\/portal\/2026\/02\/26\/te-h38-26fev\/","title":{"rendered":"CONTRATA\u00c7\u00c3O DE ESCOLA &#8211; T\u00e9cnico Especializado, hor\u00e1rio  38"},"content":{"rendered":"\t\t<div data-elementor-type=\"wp-post\" data-elementor-id=\"3344\" class=\"elementor elementor-3344\">\n\t\t\t\t<div class=\"elementor-element elementor-element-4e88180 e-con-full e-flex wpr-particle-no wpr-jarallax-no wpr-parallax-no wpr-sticky-section-no e-con e-parent\" data-id=\"4e88180\" data-element_type=\"container\" data-e-type=\"container\">\n\t\t\t\t<div class=\"elementor-element elementor-element-dc07b32 elementor-widget elementor-widget-text-editor\" data-id=\"dc07b32\" data-element_type=\"widget\" data-e-type=\"widget\" data-widget_type=\"text-editor.default\">\n\t\t\t\t<div class=\"elementor-widget-container\">\n\t\t\t\t\t\t\t\t\t<p>T\u00c9CNICO ESPECIALIZADO<\/p><p>Hor\u00e1rio n\u00ba 38<\/p>\t\t\t\t\t\t\t\t<\/div>\n\t\t\t\t<\/div>\n\t\t\t\t<\/div>\n\t\t<div class=\"elementor-element elementor-element-f45ec40 e-flex e-con-boxed wpr-particle-no wpr-jarallax-no wpr-parallax-no wpr-sticky-section-no e-con e-parent\" data-id=\"f45ec40\" data-element_type=\"container\" data-e-type=\"container\">\n\t\t\t\t\t<div class=\"e-con-inner\">\n\t\t\t\t<div class=\"elementor-element elementor-element-2f3ef28 elementor-widget elementor-widget-text-editor\" data-id=\"2f3ef28\" data-element_type=\"widget\" data-e-type=\"widget\" data-widget_type=\"text-editor.default\">\n\t\t\t\t<div class=\"elementor-widget-container\">\n\t\t\t\t\t\t\t\t\t<p>Informa-se os interessados de que se encontra dispon\u00edvel para consulta informa\u00e7\u00f5es do Concurso do hor\u00e1rio n\u00ba 38,\u00a0 T\u00e9cnico Especializado (ou clique aqui para<strong>\u00a0<a href=\"https:\/\/agbatalha.pt\/portal\/wp-content\/uploads\/2026\/02\/Aviso_no-27-Horario_No-38_Tecnico-especializado.pdf\" target=\"_blank\" rel=\"noopener\">DESCARREGA<\/a><\/strong><a href=\"https:\/\/agbatalha.pt\/aeb\/images\/20252026\/out\/Aviso_13_Contratacao_de_Escola_Grupo_200_.pdf\">)<\/a><\/p>\t\t\t\t\t\t\t\t<\/div>\n\t\t\t\t<\/div>\n\t\t\t\t\t<\/div>\n\t\t\t\t<\/div>\n\t\t<div class=\"elementor-element elementor-element-0388bb2 e-flex e-con-boxed wpr-particle-no wpr-jarallax-no wpr-parallax-no wpr-sticky-section-no e-con e-parent\" data-id=\"0388bb2\" data-element_type=\"container\" data-e-type=\"container\">\n\t\t\t\t\t<div class=\"e-con-inner\">\n\t\t\t\t<div class=\"elementor-element elementor-element-219c8bd elementor-widget elementor-widget-shortcode\" data-id=\"219c8bd\" data-element_type=\"widget\" data-e-type=\"widget\" data-widget_type=\"shortcode.default\">\n\t\t\t\t<div class=\"elementor-widget-container\">\n\t\t\t\t\t\t\t<div class=\"elementor-shortcode\"><a href=\"https:\/\/agbatalha.pt\/portal\/wp-content\/uploads\/2026\/02\/Aviso_no-27-Horario_No-38_Tecnico-especializado.pdf\" class=\"pdfemb-viewer\" style=\"\" data-width=\"max\" data-height=\"max\" data-toolbar=\"bottom\" data-toolbar-fixed=\"off\">Aviso_no-27-Horario_No-38_Tecnico-especializado<\/a><\/div>\n\t\t\t\t\t\t<\/div>\n\t\t\t\t<\/div>\n\t\t\t\t\t<\/div>\n\t\t\t\t<\/div>\n\t\t\t\t<\/div>\n\t\t","protected":false},"excerpt":{"rendered":"<p>T\u00c9CNICO ESPECIALIZADO Hor\u00e1rio n\u00ba 38 Informa-se os interessados de que se encontra dispon\u00edvel para consulta informa\u00e7\u00f5es do Concurso do hor\u00e1rio n\u00ba 38,\u00a0 T\u00e9cnico Especializado (ou clique aqui para\u00a0DESCARREGA)<\/p>\n","protected":false},"author":2,"featured_media":2110,"comment_status":"open","ping_status":"open","sticky":false,"template":"","format":"standard","meta":{"footnotes":""},"categories":[23],"tags":[],"class_list":["post-3344","post","type-post","status-publish","format-standard","has-post-thumbnail","hentry","category-contratacao"],"_links":{"self":[{"href":"https:\/\/agbatalha.pt\/portal\/wp-json\/wp\/v2\/posts\/3344","targetHints":{"allow":["GET"]}}],"collection":[{"href":"https:\/\/agbatalha.pt\/portal\/wp-json\/wp\/v2\/posts"}],"about":[{"href":"https:\/\/agbatalha.pt\/portal\/wp-json\/wp\/v2\/types\/post"}],"author":[{"embeddable":true,"href":"https:\/\/agbatalha.pt\/portal\/wp-json\/wp\/v2\/users\/2"}],"replies":[{"embeddable":true,"href":"https:\/\/agbatalha.pt\/portal\/wp-json\/wp\/v2\/comments?post=3344"}],"version-history":[{"count":4,"href":"https:\/\/agbatalha.pt\/portal\/wp-json\/wp\/v2\/posts\/3344\/revisions"}],"predecessor-version":[{"id":3349,"href":"https:\/\/agbatalha.pt\/portal\/wp-json\/wp\/v2\/posts\/3344\/revisions\/3349"}],"wp:featuredmedia":[{"embeddable":true,"href":"https:\/\/agbatalha.pt\/portal\/wp-json\/wp\/v2\/media\/2110"}],"wp:attachment":[{"href":"https:\/\/agbatalha.pt\/portal\/wp-json\/wp\/v2\/media?parent=3344"}],"wp:term":[{"taxonomy":"category","embeddable":true,"href":"https:\/\/agbatalha.pt\/portal\/wp-json\/wp\/v2\/categories?post=3344"},{"taxonomy":"post_tag","embeddable":true,"href":"https:\/\/agbatalha.pt\/portal\/wp-json\/wp\/v2\/tags?post=3344"}],"curies":[{"name":"wp","href":"https:\/\/api.w.org\/{rel}","templated":true}]}}