{"id":3408,"date":"2026-03-23T12:47:02","date_gmt":"2026-03-23T12:47:02","guid":{"rendered":"https:\/\/agbatalha.pt\/portal\/?p=3408"},"modified":"2026-03-23T21:56:58","modified_gmt":"2026-03-23T21:56:58","slug":"erasmus-eu","status":"publish","type":"post","link":"https:\/\/agbatalha.pt\/portal\/2026\/03\/23\/erasmus-eu\/","title":{"rendered":"Crit\u00e9rios de sele\u00e7\u00e3o de alunos para participa\u00e7\u00e3o em ERASMUS+ European values: a journey through 40 years of Spain and Portugal in the EU."},"content":{"rendered":"\t\t<div data-elementor-type=\"wp-post\" data-elementor-id=\"3408\" class=\"elementor elementor-3408\">\n\t\t\t\t<div class=\"elementor-element elementor-element-40951c3 e-flex e-con-boxed wpr-particle-no wpr-jarallax-no wpr-parallax-no wpr-sticky-section-no e-con e-parent\" data-id=\"40951c3\" data-element_type=\"container\" data-e-type=\"container\">\n\t\t\t\t\t<div class=\"e-con-inner\">\n\t\t\t\t<div class=\"elementor-element elementor-element-71faf22 elementor-widget elementor-widget-heading\" data-id=\"71faf22\" data-element_type=\"widget\" data-e-type=\"widget\" data-widget_type=\"heading.default\">\n\t\t\t\t<div class=\"elementor-widget-container\">\n\t\t\t\t\t<h2 class=\"elementor-heading-title elementor-size-default\">Crit\u00e9rios de sele\u00e7\u00e3o de alunos para participa\u00e7\u00e3o em ERASMUS+ European values: a journey through 40 years of Spain and Portugal in the EU.<\/h2>\t\t\t\t<\/div>\n\t\t\t\t<\/div>\n\t\t\t\t\t<\/div>\n\t\t\t\t<\/div>\n\t\t<div class=\"elementor-element elementor-element-f45ec40 e-flex e-con-boxed wpr-particle-no wpr-jarallax-no wpr-parallax-no wpr-sticky-section-no e-con e-parent\" data-id=\"f45ec40\" data-element_type=\"container\" data-e-type=\"container\">\n\t\t\t\t\t<div class=\"e-con-inner\">\n\t\t\t\t<div class=\"elementor-element elementor-element-2f3ef28 elementor-widget elementor-widget-text-editor\" data-id=\"2f3ef28\" data-element_type=\"widget\" data-e-type=\"widget\" data-widget_type=\"text-editor.default\">\n\t\t\t\t<div class=\"elementor-widget-container\">\n\t\t\t\t\t\t\t\t\t<h1><span style=\"font-size: 16px;\">Acredita\u00e7\u00e3o Erasmus+ KA 120 SCHOOL<\/span><\/h1><h1><span style=\"font-size: 16px;\">Informa-se todos(as) os(as) interessados(as) dos crit\u00e9rios de sele\u00e7\u00e3o de alunos para participa\u00e7\u00e3o numa mobilidade de grupo Erasmus+ integrada numa parceria estabelecida pelo Clube Europeu da escola, em articula\u00e7\u00e3o com o tema anual dos Clubes<br \/>Europeus e com a disciplina de Geografia C, 12.o ano.<\/span><\/h1><p>| <span style=\"color: #993300;\"><strong><a style=\"color: #993300;\" href=\"https:\/\/agbatalha.pt\/portal\/wp-content\/uploads\/2026\/03\/selecao_mobilidade-a-caceres.pdf\">descarregar<\/a><\/strong><\/span> |<\/p>\t\t\t\t\t\t\t\t<\/div>\n\t\t\t\t<\/div>\n\t\t\t\t\t<\/div>\n\t\t\t\t<\/div>\n\t\t<div class=\"elementor-element elementor-element-0e262c9 e-flex e-con-boxed wpr-particle-no wpr-jarallax-no wpr-parallax-no wpr-sticky-section-no e-con e-parent\" data-id=\"0e262c9\" data-element_type=\"container\" data-e-type=\"container\">\n\t\t\t\t\t<div class=\"e-con-inner\">\n\t\t\t\t\t<\/div>\n\t\t\t\t<\/div>\n\t\t<div class=\"elementor-element elementor-element-26b91af e-flex e-con-boxed wpr-particle-no wpr-jarallax-no wpr-parallax-no wpr-sticky-section-no e-con e-parent\" data-id=\"26b91af\" data-element_type=\"container\" data-e-type=\"container\">\n\t\t\t\t\t<div class=\"e-con-inner\">\n\t\t\t\t<div class=\"elementor-element elementor-element-1a61884 elementor-widget elementor-widget-shortcode\" data-id=\"1a61884\" data-element_type=\"widget\" data-e-type=\"widget\" data-widget_type=\"shortcode.default\">\n\t\t\t\t<div class=\"elementor-widget-container\">\n\t\t\t\t\t\t\t<div class=\"elementor-shortcode\"><a href=\"https:\/\/agbatalha.pt\/portal\/wp-content\/uploads\/2026\/03\/selecao_mobilidade-a-caceres.pdf\" class=\"pdfemb-viewer\" style=\"\" data-width=\"max\" data-height=\"max\" data-toolbar=\"bottom\" data-toolbar-fixed=\"off\">selecao_mobilidade-a-caceres<\/a><\/div>\n\t\t\t\t\t\t<\/div>\n\t\t\t\t<\/div>\n\t\t\t\t\t<\/div>\n\t\t\t\t<\/div>\n\t\t\t\t<\/div>\n\t\t","protected":false},"excerpt":{"rendered":"<p>Crit\u00e9rios de sele\u00e7\u00e3o de alunos para participa\u00e7\u00e3o em ERASMUS+ European values: a journey through 40 years of Spain and Portugal in the EU. Acredita\u00e7\u00e3o Erasmus+ KA 120 SCHOOL Informa-se todos(as) os(as) interessados(as) dos crit\u00e9rios de sele\u00e7\u00e3o de alunos para participa\u00e7\u00e3o numa mobilidade de grupo Erasmus+ integrada numa parceria estabelecida pelo Clube Europeu da escola, em articula\u00e7\u00e3o com o tema anual dos ClubesEuropeus e com a disciplina de Geografia C, 12.o ano. | descarregar |<\/p>\n","protected":false},"author":2,"featured_media":2109,"comment_status":"open","ping_status":"open","sticky":false,"template":"","format":"standard","meta":{"footnotes":""},"categories":[22],"tags":[],"class_list":["post-3408","post","type-post","status-publish","format-standard","has-post-thumbnail","hentry","category-avisos"],"_links":{"self":[{"href":"https:\/\/agbatalha.pt\/portal\/wp-json\/wp\/v2\/posts\/3408","targetHints":{"allow":["GET"]}}],"collection":[{"href":"https:\/\/agbatalha.pt\/portal\/wp-json\/wp\/v2\/posts"}],"about":[{"href":"https:\/\/agbatalha.pt\/portal\/wp-json\/wp\/v2\/types\/post"}],"author":[{"embeddable":true,"href":"https:\/\/agbatalha.pt\/portal\/wp-json\/wp\/v2\/users\/2"}],"replies":[{"embeddable":true,"href":"https:\/\/agbatalha.pt\/portal\/wp-json\/wp\/v2\/comments?post=3408"}],"version-history":[{"count":4,"href":"https:\/\/agbatalha.pt\/portal\/wp-json\/wp\/v2\/posts\/3408\/revisions"}],"predecessor-version":[{"id":3412,"href":"https:\/\/agbatalha.pt\/portal\/wp-json\/wp\/v2\/posts\/3408\/revisions\/3412"}],"wp:featuredmedia":[{"embeddable":true,"href":"https:\/\/agbatalha.pt\/portal\/wp-json\/wp\/v2\/media\/2109"}],"wp:attachment":[{"href":"https:\/\/agbatalha.pt\/portal\/wp-json\/wp\/v2\/media?parent=3408"}],"wp:term":[{"taxonomy":"category","embeddable":true,"href":"https:\/\/agbatalha.pt\/portal\/wp-json\/wp\/v2\/categories?post=3408"},{"taxonomy":"post_tag","embeddable":true,"href":"https:\/\/agbatalha.pt\/portal\/wp-json\/wp\/v2\/tags?post=3408"}],"curies":[{"name":"wp","href":"https:\/\/api.w.org\/{rel}","templated":true}]}}