{"id":3513,"date":"2026-04-27T14:40:05","date_gmt":"2026-04-27T14:40:05","guid":{"rendered":"https:\/\/agbatalha.pt\/portal\/?p=3513"},"modified":"2026-04-27T15:15:22","modified_gmt":"2026-04-27T15:15:22","slug":"matriculas-2026-2027","status":"publish","type":"post","link":"https:\/\/agbatalha.pt\/portal\/2026\/04\/27\/matriculas-2026-2027\/","title":{"rendered":"MATR\u00cdCULAS 2026\/2027"},"content":{"rendered":"\t\t<div data-elementor-type=\"wp-post\" data-elementor-id=\"3513\" class=\"elementor elementor-3513\">\n\t\t\t\t<div class=\"elementor-element elementor-element-40951c3 e-flex e-con-boxed wpr-particle-no wpr-jarallax-no wpr-parallax-no wpr-sticky-section-no e-con e-parent\" data-id=\"40951c3\" data-element_type=\"container\" data-e-type=\"container\">\n\t\t\t\t\t<div class=\"e-con-inner\">\n\t\t\t\t<div class=\"elementor-element elementor-element-71faf22 elementor-widget elementor-widget-heading\" data-id=\"71faf22\" data-element_type=\"widget\" data-e-type=\"widget\" data-widget_type=\"heading.default\">\n\t\t\t\t<div class=\"elementor-widget-container\">\n\t\t\t\t\t<h2 class=\"elementor-heading-title elementor-size-default\">MATR\u00cdCULAS 2026\/2027<\/h2>\t\t\t\t<\/div>\n\t\t\t\t<\/div>\n\t\t<div class=\"elementor-element elementor-element-f45ec40 e-con-full e-flex wpr-particle-no wpr-jarallax-no wpr-parallax-no wpr-sticky-section-no e-con e-child\" data-id=\"f45ec40\" data-element_type=\"container\" data-e-type=\"container\">\n\t\t\t\t<div class=\"elementor-element elementor-element-2f3ef28 elementor-widget elementor-widget-text-editor\" data-id=\"2f3ef28\" data-element_type=\"widget\" data-e-type=\"widget\" data-widget_type=\"text-editor.default\">\n\t\t\t\t<div class=\"elementor-widget-container\">\n\t\t\t\t\t\t\t\t\t<p>Informam-se todos os Encarregados de Educa\u00e7\u00e3o de que se encontram j\u00e1 defindas fases e condi\u00e7\u00f5es para as matr\u00edculas para o Ano letivo 2026\/2027<\/p>\t\t\t\t\t\t\t\t<\/div>\n\t\t\t\t<\/div>\n\t\t\t\t<\/div>\n\t\t<div class=\"elementor-element elementor-element-9b4d767 e-con-full e-flex wpr-particle-no wpr-jarallax-no wpr-parallax-no wpr-sticky-section-no e-con e-child\" data-id=\"9b4d767\" data-element_type=\"container\" data-e-type=\"container\">\n\t\t\t\t<div class=\"elementor-element elementor-element-0da330e elementor-widget elementor-widget-text-editor\" data-id=\"0da330e\" data-element_type=\"widget\" data-e-type=\"widget\" data-widget_type=\"text-editor.default\">\n\t\t\t\t<div class=\"elementor-widget-container\">\n\t\t\t\t\t\t\t\t\t<p><strong>Per\u00edodo normal de matr\u00edcula e sua renova\u00e7\u00e3o:<\/strong><br \/>a) Entre 22 de abril e 1 de junho, para a educa\u00e7\u00e3o pr\u00e9-escolar e para o 1.\u00ba ano do ensino b\u00e1sico;<br \/>b) Entre 16 de junho e 29 de junho, para os 6.\u00ba, 7.\u00ba, 8.\u00ba, 9.\u00ba e 11.\u00ba anos de escolaridade;<br \/>c) Entre 1 de julho e 13 de julho, para os 2.\u00ba, 3.\u00ba, 4.\u00ba e 5.\u00ba anos do ensino b\u00e1sico;<br \/>d) Entre 15 de julho e 22 de julho, para os 10.\u00ba e 12.\u00ba anos do ensino secund\u00e1rio.<\/p>\t\t\t\t\t\t\t\t<\/div>\n\t\t\t\t<\/div>\n\t\t\t\t<\/div>\n\t\t\t\t\t<\/div>\n\t\t\t\t<\/div>\n\t\t<div class=\"elementor-element elementor-element-0e262c9 e-flex e-con-boxed wpr-particle-no wpr-jarallax-no wpr-parallax-no wpr-sticky-section-no e-con e-parent\" data-id=\"0e262c9\" data-element_type=\"container\" data-e-type=\"container\">\n\t\t\t\t\t<div class=\"e-con-inner\">\n\t\t<div class=\"elementor-element elementor-element-509ca93 e-con-full e-flex wpr-particle-no wpr-jarallax-no wpr-parallax-no wpr-sticky-section-no e-con e-child\" data-id=\"509ca93\" data-element_type=\"container\" data-e-type=\"container\">\n\t\t\t\t<div class=\"elementor-element elementor-element-4f0a4da elementor-widget elementor-widget-text-editor\" data-id=\"4f0a4da\" data-element_type=\"widget\" data-e-type=\"widget\" data-widget_type=\"text-editor.default\">\n\t\t\t\t<div class=\"elementor-widget-container\">\n\t\t\t\t\t\t\t\t\t<p><strong>Despacho n.\u00ba 4472-A\/2026<br \/><\/strong>Define o calend\u00e1rio das matr\u00edculas e respetivas renova\u00e7\u00f5es, bem como dos prazos que destes dependam, para a educa\u00e7\u00e3o pr\u00e9-escolar e os ensinos b\u00e1sico e secund\u00e1rio. | <span style=\"color: #993300;\"><strong><a style=\"color: #993300;\" href=\"https:\/\/agbatalha.pt\/portal\/wp-content\/uploads\/2026\/04\/Despacho_4472-A_2026.pdf\">consultar<\/a><\/strong><\/span> |<\/p>\t\t\t\t\t\t\t\t<\/div>\n\t\t\t\t<\/div>\n\t\t\t\t<div class=\"elementor-element elementor-element-d3cc1f9 elementor-widget elementor-widget-text-editor\" data-id=\"d3cc1f9\" data-element_type=\"widget\" data-e-type=\"widget\" data-widget_type=\"text-editor.default\">\n\t\t\t\t<div class=\"elementor-widget-container\">\n\t\t\t\t\t\t\t\t\t<p><strong>Despacho Normativo n.\u00ba 7\/2026<br \/><\/strong>Estabelece os procedimentos da matr\u00edcula e respetiva renova\u00e7\u00e3o e as normas a observar na distribui\u00e7\u00e3o de crian\u00e7as e alunos. | <span style=\"color: #993300;\"><strong><a style=\"color: #993300;\" href=\"https:\/\/agbatalha.pt\/portal\/wp-content\/uploads\/2026\/04\/Despacho-Normativo-n.o-7_2026.pdf\">consultar<\/a><\/strong><\/span> |<\/p>\t\t\t\t\t\t\t\t<\/div>\n\t\t\t\t<\/div>\n\t\t\t\t<div class=\"elementor-element elementor-element-8c573c0 elementor-widget elementor-widget-text-editor\" data-id=\"8c573c0\" data-element_type=\"widget\" data-e-type=\"widget\" data-widget_type=\"text-editor.default\">\n\t\t\t\t<div class=\"elementor-widget-container\">\n\t\t\t\t\t\t\t\t\t<p><strong>Despacho Normativo n.\u00ba 6\/2018<br \/><\/strong>Procedimentos exig\u00edveis para a concretiza\u00e7\u00e3o do dever de<br \/>proceder \u00e0 matr\u00edcula e respetiva renova\u00e7\u00e3o s\u00e3o | <span style=\"color: #993300;\"><strong><a style=\"color: #993300;\" href=\"https:\/\/agbatalha.pt\/portal\/wp-content\/uploads\/2026\/04\/Despacho-Normativo-n.o-6_2018.pdf\">consultar<\/a><\/strong><\/span> |<\/p>\t\t\t\t\t\t\t\t<\/div>\n\t\t\t\t<\/div>\n\t\t\t\t<\/div>\n\t\t<div class=\"elementor-element elementor-element-0c97e65 e-con-full e-flex wpr-particle-no wpr-jarallax-no wpr-parallax-no wpr-sticky-section-no e-con e-child\" data-id=\"0c97e65\" data-element_type=\"container\" data-e-type=\"container\">\n\t\t\t\t<div class=\"elementor-element elementor-element-0c2a3bf wpr-promo-box-style-cover elementor-widget elementor-widget-wpr-promo-box\" data-id=\"0c2a3bf\" data-element_type=\"widget\" data-e-type=\"widget\" data-widget_type=\"wpr-promo-box.default\">\n\t\t\t\t<div class=\"elementor-widget-container\">\n\t\t\t\t\t\n\t\t<div class=\"wpr-promo-box wpr-animation-wrap\">\n\n\t\t\t\t\t\t\t\n\t\t\t\t\t\t\t<div class=\"wpr-promo-box-image\">\n\t\t\t\t\t<div class=\"wpr-promo-box-bg-image wpr-bg-anim-zoom-in wpr-anim-timing-ease-in\" style=\"background-image:url(https:\/\/agbatalha.pt\/portal\/wp-content\/uploads\/2026\/04\/portalmatriculas.png);\"><\/div>\n\t\t\t\t\t<div class=\"wpr-promo-box-bg-overlay wpr-border-anim-jazz\"><\/div>\n\t\t\t\t<\/div>\n\t\t\t\t\t\t\n\t\t\t<div class=\"wpr-promo-box-content\">\n\n\t\t\t\t\n\t\t\t\t<h3 class=\"wpr-promo-box-title\"><span>Portal das Matr\u00edculas<\/span><\/h3>\n\t\t\t\t\t\t\t\t\t<div class=\"wpr-promo-box-description\">\n\t\t\t\t\t\t<p><p>Aceder para realizar as matr\u00edculas<\/p><\/p>\t\n\t\t\t\t\t<\/div>\t\t\t\t\t\t\n\t\t\t\t\n\t\t\t\t\t\t\t\t\t<div class=\"wpr-promo-box-btn-wrap\">\n\t\t\t\t\t\t<a class=\"wpr-promo-box-btn\" href=\"https:\/\/www.portaldasmatriculas.edu.gov.pt\/\">\n\n\t\t\t\t\t\t\t\t\t\t\t\t\t\t<span class=\"wpr-promo-box-btn-text\">ACEDER<\/span>\t\t\n\t\t\t\t\t\t\t\n\t\t\t\t\t\t\t\t\t\t\t\t\t<\/a>\n\t\t\t\t\t<\/div>\t\n\t\t\t\t\t\t\t<\/div>\n\n\t\t\t\t\t<\/div>\n\n\t\t\t\t\t\t<\/div>\n\t\t\t\t<\/div>\n\t\t\t\t<\/div>\n\t\t\t\t\t<\/div>\n\t\t\t\t<\/div>\n\t\t\t\t<\/div>\n\t\t","protected":false},"excerpt":{"rendered":"<p>MATR\u00cdCULAS 2026\/2027 Informam-se todos os Encarregados de Educa\u00e7\u00e3o de que se encontram j\u00e1 defindas fases e condi\u00e7\u00f5es para as matr\u00edculas para o Ano letivo 2026\/2027 Per\u00edodo normal de matr\u00edcula e sua renova\u00e7\u00e3o:a) Entre 22 de abril e 1 de junho, para a educa\u00e7\u00e3o pr\u00e9-escolar e para o 1.\u00ba ano do ensino b\u00e1sico;b) Entre 16 de junho e 29 de junho, para os 6.\u00ba, 7.\u00ba, 8.\u00ba, 9.\u00ba e 11.\u00ba anos de escolaridade;c) Entre 1 de julho e 13 de julho, para os 2.\u00ba, 3.\u00ba, 4.\u00ba e 5.\u00ba anos do ensino b\u00e1sico;d) Entre 15 de julho e 22 de julho, para os 10.\u00ba e 12.\u00ba anos do ensino secund\u00e1rio. Despacho n.\u00ba 4472-A\/2026Define o calend\u00e1rio das matr\u00edculas e respetivas renova\u00e7\u00f5es, bem como dos prazos que destes dependam, para a educa\u00e7\u00e3o pr\u00e9-escolar e os ensinos b\u00e1sico e secund\u00e1rio. | consultar | Despacho Normativo n.\u00ba 7\/2026Estabelece os procedimentos da matr\u00edcula e respetiva renova\u00e7\u00e3o e as normas a observar na distribui\u00e7\u00e3o de crian\u00e7as e alunos. | consultar | Despacho Normativo n.\u00ba 6\/2018Procedimentos exig\u00edveis para a concretiza\u00e7\u00e3o do dever deproceder \u00e0 matr\u00edcula e respetiva renova\u00e7\u00e3o s\u00e3o | consultar | Portal das Matr\u00edculas Aceder para realizar as matr\u00edculas ACEDER<\/p>\n","protected":false},"author":2,"featured_media":2109,"comment_status":"open","ping_status":"open","sticky":false,"template":"","format":"standard","meta":{"footnotes":""},"categories":[22],"tags":[],"class_list":["post-3513","post","type-post","status-publish","format-standard","has-post-thumbnail","hentry","category-avisos"],"_links":{"self":[{"href":"https:\/\/agbatalha.pt\/portal\/wp-json\/wp\/v2\/posts\/3513","targetHints":{"allow":["GET"]}}],"collection":[{"href":"https:\/\/agbatalha.pt\/portal\/wp-json\/wp\/v2\/posts"}],"about":[{"href":"https:\/\/agbatalha.pt\/portal\/wp-json\/wp\/v2\/types\/post"}],"author":[{"embeddable":true,"href":"https:\/\/agbatalha.pt\/portal\/wp-json\/wp\/v2\/users\/2"}],"replies":[{"embeddable":true,"href":"https:\/\/agbatalha.pt\/portal\/wp-json\/wp\/v2\/comments?post=3513"}],"version-history":[{"count":18,"href":"https:\/\/agbatalha.pt\/portal\/wp-json\/wp\/v2\/posts\/3513\/revisions"}],"predecessor-version":[{"id":3538,"href":"https:\/\/agbatalha.pt\/portal\/wp-json\/wp\/v2\/posts\/3513\/revisions\/3538"}],"wp:featuredmedia":[{"embeddable":true,"href":"https:\/\/agbatalha.pt\/portal\/wp-json\/wp\/v2\/media\/2109"}],"wp:attachment":[{"href":"https:\/\/agbatalha.pt\/portal\/wp-json\/wp\/v2\/media?parent=3513"}],"wp:term":[{"taxonomy":"category","embeddable":true,"href":"https:\/\/agbatalha.pt\/portal\/wp-json\/wp\/v2\/categories?post=3513"},{"taxonomy":"post_tag","embeddable":true,"href":"https:\/\/agbatalha.pt\/portal\/wp-json\/wp\/v2\/tags?post=3513"}],"curies":[{"name":"wp","href":"https:\/\/api.w.org\/{rel}","templated":true}]}}